{"id":338,"date":"2020-02-26T09:36:24","date_gmt":"2020-02-26T09:36:24","guid":{"rendered":"http:\/\/carmelarufanges.es\/?p=338"},"modified":"2020-02-28T10:14:52","modified_gmt":"2020-02-28T10:14:52","slug":"novela-en-proyecto-comienza-asi","status":"publish","type":"post","link":"https:\/\/carmelarufanges.es\/?p=338","title":{"rendered":"NOVELA EN PROYECTO, comienza as\u00ed&#8230;"},"content":{"rendered":"\n<p> \u00a9 Carmela Rufanges   &#8211;    <strong>COMENTAR\u00a0<\/strong><em>en \u2018entradas recientes\u2019 o \u2018archivo<\/em>s\u2019<br><\/p>\n\n\n\n<figure class=\"wp-block-image size-large\"><img loading=\"lazy\" decoding=\"async\" width=\"768\" height=\"1024\" src=\"http:\/\/carmelarufanges.es\/wp-content\/uploads\/2020\/02\/escribiendo-768x1024.jpg\" alt=\"\" class=\"wp-image-339\" srcset=\"https:\/\/carmelarufanges.es\/wp-content\/uploads\/2020\/02\/escribiendo-768x1024.jpg 768w, https:\/\/carmelarufanges.es\/wp-content\/uploads\/2020\/02\/escribiendo-225x300.jpg 225w, https:\/\/carmelarufanges.es\/wp-content\/uploads\/2020\/02\/escribiendo-1152x1536.jpg 1152w, https:\/\/carmelarufanges.es\/wp-content\/uploads\/2020\/02\/escribiendo-1537x2048.jpg 1537w, https:\/\/carmelarufanges.es\/wp-content\/uploads\/2020\/02\/escribiendo-scaled.jpg 1921w\" sizes=\"auto, (max-width: 767px) 89vw, (max-width: 1000px) 54vw, (max-width: 1071px) 543px, 580px\" \/><\/figure>\n\n\n\n<p>Recuerdo perfectamente a los peque\u00f1os Gala y a Mario bajo la lluvia, apretados y emocionados, asidos a la barra central de aquel gran paraguas rojo brillante con dos varillas dobladas, que tan oportunamente hab\u00edan encontrado entre los arbustos, para guarecerse de aquella inesperada lluvia primaveral. Era una imagen de una plasticidad visual abrumadora. <\/p>\n\n\n\n<p>Recuerdo tambi\u00e9n la revitalizante lluvia precipit\u00e1ndose\nsobre mi cara. El fuerte olor a tierra mojada hac\u00eda que mis sentidos buceasen\nen recuerdos felices de infancia casi olvidados. Una invitaci\u00f3n a inspirar\nprofundamente y empaparme de todo aquel aroma evocador, renovador, apacible y\ntranquilizador.<\/p>\n\n\n\n<p>Las gotas resbalaban por el paraguas que hab\u00edan rescatado\nlos ni\u00f1os, formando peque\u00f1os riachuelos plateados sobre aquel rojo brillante\nque destacaba con descaro sobre el espeso lienzo gris\u00e1ceo que el cielo regalaba\nde fondo, haciendo que ese contraste de belleza natural, a ojos de un fot\u00f3grafo,\nmis ojos, resultase algo sublime.<\/p>\n\n\n\n<p>Me alej\u00e9 unos pasos para aglutinar con mi c\u00e1mara toda la\nperfecci\u00f3n de la naturaleza, con las sonrientes caritas de mis sobrinos y la\ninocencia traviesa que les confer\u00edan las pecas de sus naricitas y la falta de\nalgunos dientes de leche.<\/p>\n\n\n\n<p>A su espalda, en el gran lago, sobresal\u00edan los restos de la <em>casa sumergida, <\/em>nombre con el que era conocido por los alrededores el misterioso palacete con idiosincrasia propia, que formaba parte de aquel paisaje abrupto y desconcertantemente id\u00edlico.  <\/p>\n\n\n\n<p>Aunque llevaba un tiempo fuera del valle donde hab\u00eda crecido, fotografiando animales al borde de la extinci\u00f3n por todo el mundo para una importante revista de reportajes, recordaba perfectamente que los m\u00e1s mayores del lugar contaban historias sobre aquella peculiar mansi\u00f3n, que perteneci\u00f3 a un matrimonio de extravagantes cient\u00edficos, cuyos dos hijos peque\u00f1os desaparecieron sin dejar rastro una ma\u00f1ana&#8230;Y 138 p\u00e1ginas m\u00e1s&#8230;&#8230;&#8230;&#8230;&#8230;&#8230;&#8230;&#8230;&#8230;&#8230;&#8230;.sigo! <\/p>\n","protected":false},"excerpt":{"rendered":"<p>\u00a9 Carmela Rufanges &#8211; COMENTAR\u00a0en \u2018entradas recientes\u2019 o \u2018archivos\u2019 Recuerdo perfectamente a los peque\u00f1os Gala y a Mario bajo la lluvia, apretados y emocionados, asidos a la barra central de aquel gran paraguas rojo brillante con dos varillas dobladas, que tan oportunamente hab\u00edan encontrado entre los arbustos, para guarecerse de aquella inesperada lluvia primaveral. Era &hellip; <\/p>\n<p class=\"link-more\"><a href=\"https:\/\/carmelarufanges.es\/?p=338\" class=\"more-link\">Continuar leyendo<span class=\"screen-reader-text\"> \u00abNOVELA EN PROYECTO, comienza as\u00ed&#8230;\u00bb<\/span><\/a><\/p>\n","protected":false},"author":1,"featured_media":0,"comment_status":"open","ping_status":"open","sticky":false,"template":"","format":"standard","meta":{"footnotes":""},"categories":[1],"tags":[],"class_list":["post-338","post","type-post","status-publish","format-standard","hentry","category-uncategorized"],"_links":{"self":[{"href":"https:\/\/carmelarufanges.es\/index.php?rest_route=\/wp\/v2\/posts\/338","targetHints":{"allow":["GET"]}}],"collection":[{"href":"https:\/\/carmelarufanges.es\/index.php?rest_route=\/wp\/v2\/posts"}],"about":[{"href":"https:\/\/carmelarufanges.es\/index.php?rest_route=\/wp\/v2\/types\/post"}],"author":[{"embeddable":true,"href":"https:\/\/carmelarufanges.es\/index.php?rest_route=\/wp\/v2\/users\/1"}],"replies":[{"embeddable":true,"href":"https:\/\/carmelarufanges.es\/index.php?rest_route=%2Fwp%2Fv2%2Fcomments&post=338"}],"version-history":[{"count":8,"href":"https:\/\/carmelarufanges.es\/index.php?rest_route=\/wp\/v2\/posts\/338\/revisions"}],"predecessor-version":[{"id":377,"href":"https:\/\/carmelarufanges.es\/index.php?rest_route=\/wp\/v2\/posts\/338\/revisions\/377"}],"wp:attachment":[{"href":"https:\/\/carmelarufanges.es\/index.php?rest_route=%2Fwp%2Fv2%2Fmedia&parent=338"}],"wp:term":[{"taxonomy":"category","embeddable":true,"href":"https:\/\/carmelarufanges.es\/index.php?rest_route=%2Fwp%2Fv2%2Fcategories&post=338"},{"taxonomy":"post_tag","embeddable":true,"href":"https:\/\/carmelarufanges.es\/index.php?rest_route=%2Fwp%2Fv2%2Ftags&post=338"}],"curies":[{"name":"wp","href":"https:\/\/api.w.org\/{rel}","templated":true}]}}